{"id":308,"date":"2019-10-24T05:44:42","date_gmt":"2019-10-24T05:44:42","guid":{"rendered":"http:\/\/blog.clb.ro\/?p=308"},"modified":"2019-10-24T05:44:42","modified_gmt":"2019-10-24T05:44:42","slug":"generatia-app","status":"publish","type":"post","link":"https:\/\/clb.ro\/blog\/?p=308","title":{"rendered":"Scurt\u0103 \u201ebibliografie\u201d despre Genera\u021bia App"},"content":{"rendered":"<p>Sunte\u021bi p\u0103rin\u021bi sau dasc\u0103li? Spune\u021bi sincer: de c\u00e2te ori, \u00een ultimii ani, nu a\u021bi avut senza\u021bia c\u0103 parc\u0103 v\u0103 lipsesc anumite instrumentele care v-ar putea ajuta s\u0103 \u00eei \u00een\u021belege\u021bi mai bine pe tinerii din ziua de ast\u0103zi? \u0218i nu doar din cauza grani\u021belor care au desp\u0103r\u021bit dintotdeauna genera\u021biile \u00eentre ele, ci mai cur\u00e2nd din cauza instal\u0103rii unui \u201eintrus\u201d \u00een rela\u021bia tradi\u021bional\u0103 \u201ec\u0103ldu\u021b\u0103\u201d dintre tineri \u0219i adul\u021bi: \u201eecranul\u201d \u2013 fie c\u0103 vorbim despre ecranul computerului, ecranul tabletei sau cel al telefonului mobil.<\/p>\n<p>Exist\u0103 sute de studii care exploreaz\u0103 felul \u00een care digitalul ne afecteaz\u0103 via\u021ba \u201ereal\u0103\u201d de zi cu zi. O serie dintre aceste cercet\u0103ri, semnate de speciali\u0219ti din domenii diverse \u2013 speciali\u0219ti \u00een educa\u021bie, antropologi, neurologi sau sociologi \u2013 le sunt dedicate copiilor \u0219i adolescen\u021bilor de ast\u0103zi, n\u0103scu\u021bi \u0219i crescu\u021bi \u00eentr-un nou context cultural. Mai exact reprezentan\u021bilor \u201eGenera\u021bia App\u201d, pe care mul\u021bi dintre ace\u0219ti cercet\u0103tori \u00eei evalueaz\u0103 ca fiind diferi\u021bi fa\u021b\u0103 de tinerii din genera\u021biile anterioare: Genera\u021bia Y, milenialii \u0219.a.<\/p>\n<p>Credem c\u0103 oric\u00e2nd sunt binevenite c\u00e2teva recomand\u0103ri de lectur\u0103 care s\u0103 v\u0103 ajute s\u0103 v\u0103 ghida\u021bi mai u\u0219or \u00een rela\u021bia cu reprezentan\u021bii \u201eGenera\u021biei App\u201d.<\/p>\n<p><strong><em>Cu sau f\u0103r\u0103 ecrane la v\u00e2rst\u0103 mic\u0103?<\/em><\/strong><\/p>\n<p>Este evident c\u0103 tehnologia ne aduce o mul\u021bime de avantaje reale, iar a \u021bine copiii departe de ea pe termen lung nu este cu adev\u0103rat nici posibil, nici de dorit. Totu\u0219i, \u00een multe familii moderne, copiii, dar \u0219i adul\u021bii petrec prea mult timp \u00een fa\u021ba ecranelor, \u00een detrimentul interac\u021biunii interumane, al jocului liber, al descoperirilor, analizei \u0219i imagina\u021biei.<\/p>\n<p>Cu sau f\u0103r\u0103 ecrane la v\u00e2rst\u0103 mic\u0103? Ce efecte au ele asupra copiilor no\u0219tri? \u0218i cum facem s\u0103 limit\u0103m accesul copilului la ceva at\u00e2t de prezent \u00een via\u021ba noastr\u0103? \u2013 sunt \u00eentreb\u0103ri la care putem g\u0103si o serie de r\u0103spunsuri \u00een volumul <a href=\"http:\/\/www.clb.ro\/copiii-erei-digitale-0000180842--p344822.html\"><strong><em>Copiii erei digitale<\/em><\/strong><\/a>, o carte scris\u0103 de dr. Martin L. Kutscher, neurolog pediatru. Volumul, ap\u0103rut \u00een traducere \u00een limba rom\u00e2n\u0103 la Editura Univers, prezint\u0103, cu studii \u0219i analize documentate, efectele negative ale timpului \u00eendelungat petrecut \u00een fa\u021ba unui ecran, care sunt multiple: educa\u021bionale (pierderea concentr\u0103rii, note mici, lips\u0103 de interes la \u0219coal\u0103 \u0219i la teme), psihologice (goana dup\u0103 confirmare din partea altora, limitarea creativit\u0103\u021bii, stres, anxietate social\u0103, agresivitate), neurologice (modific\u0103ri reale ale creierului care duc la sc\u0103derea motiva\u021biei \u0219i a autocontrolului), dar \u0219i fizice (oboseal\u0103, dureri de spate, alimenta\u021bie nes\u0103n\u0103toas\u0103, obezitate, risc m\u0103rit de accidente, deteriorarea auzului).<\/p>\n<p>Din fericire, cartea ne ofer\u0103 \u0219i multe solu\u021bii pentru a preveni sau a reduce efectele negative de mai sus. Pentru c\u0103 tehnologia ne poate face bine, dac\u0103 \u0219tim s\u0103 g\u0103sim echilibrul pentru copiii \u0219i familia noastr\u0103.<\/p>\n<p><strong><em>Nativii digitali versus \u201eimigran\u021bii\u201d digitali<\/em><\/strong><\/p>\n<p>O alt\u0103 carte util\u0103 \u00een \u00een\u021belegerea felului \u00een care tehnologia afecteaz\u0103 ast\u0103zi educa\u021bia este volumul care <strong><em>Genera\u021bia App. Cum navigheaz\u0103 tinerii prin universul digital al identit\u0103\u021bii, initimit\u0103\u021bii \u0219i imagina\u021biei<\/em><\/strong>, volum semnat de Howard Gardner, profesor de psihologia cogni\u021biei \u0219i educa\u021biei la Universitatea Harvard, scris \u00een colaborare cu t\u00e2n\u0103ra sa doctorand\u0103 Katie Davis.<\/p>\n<p>\u00cen momentul de fa\u021b\u0103, consider\u0103 autorii, suntem dou\u0103 \u201etabere\u201d: nativii informa\u021bionali, cei n\u0103scu\u021bi \u00een epoca tehnologiei, a progresului informa\u021bional \u0219i media, cei care primesc \u00eenc\u0103 de la \u00eenceput binefacerile internetului \u0219i telefoniei mobile, precum \u0219i aplica\u021biile at\u00e2t de diversificate ale acestora, precum \u0219i imigran\u021bii informa\u021bionali, cei n\u0103scu\u021bi mai de demult \u0219i care abia \u00een a doua parte a vie\u021bii lor au \u00eenv\u0103\u021bat sau \u00eenva\u021b\u0103 s\u0103 se familiarizeze cu \u0219tiin\u021ba \u0219i nout\u0103\u021bile din prezent, cu realitatea Internetului. Impactul este major \u0219i multe din aplica\u021bii ne sunt extrem de utile. Dar care este rezultatul lor pe termen mai lung, \u00een ce fel afecteaz\u0103 genera\u021biile noi, care au la dispozi\u021bie \u00eenc\u0103 de la \u00eenceput aplica\u021bii care s\u0103 le u\u0219ureze via\u021ba? Vor deveni ace\u0219tia ni\u0219te lene\u0219i intelectual, vor fi aplica\u021biile un cu\u021bit cu dou\u0103 t\u0103i\u0219uri? Sunt \u00eentreb\u0103ri la care g\u0103sim r\u0103spunsuri potrivite \u00een volumul tradus \u00een limba rom\u00e2n\u0103 la Editura Sigma. \u0218i nu doar r\u0103spunsuri, ci \u0219i idei \u015fi solu\u0163ii despre cum poate fi sprijinit\u0103 \u201eGenera\u0163ia App\u201d, pentru a reu\u0219i s\u0103 fac\u0103 alegeri cu adev\u0103rat personale, iar nu dictate de o super-aplica\u0163ie de super-consum. Din aceast\u0103 perspectiv\u0103, cartea reprezint\u0103 o provocare pentru \u201ecet\u0103\u0163eanul\u201d ajuns \u00een universul tehnologiei \u2013 fie el migrant, nativ sau metis.<\/p>\n<p><strong><em>Bune maniere digitale<\/em><\/strong><\/p>\n<p>\u00cen fine, indiferent de care parte a \u201ebaricadei\u201d ne afl\u0103m \u2013 n\u0103scu\u021bi digital sau migran\u021bi \u2013, \u00eencheiem seria recomand\u0103rilor cu o carte ap\u0103rut\u0103 la Editura Baroque Books &amp; Arts. Este vorba despre volumul <a href=\"https:\/\/www.clb.ro\/maniere-digitale-0000187160--p348324.html\"><strong><em>Maniere digitale<\/em><\/strong><\/a> semnat de Victoria Turk, senior editor la\u00a0<em>WIRED UK<\/em>, unde supervizeaz\u0103 sec\u021biunea despre cultur\u0103, se ocup\u0103 de con\u021binutul video al publica\u021biei \u0219i scrie at\u00e2t pentru print, c\u00e2t \u0219i pentru online.<\/p>\n<p>\u00cen acest volum, autoarea \u0219i-a propus s\u0103 ne arate cum ar trebui s\u0103 stea lucrurile legate de eticheta \u00een mediul online. Dac\u0103 p\u00e2n\u0103 acum preocup\u0103rile legate de buna cre\u0219tere vizau regulile care trebuie respectate \u00een interac\u021biunile sociale fizice, se pare c\u0103 a venit vremea s\u0103 \u00eenv\u0103\u021b\u0103m \u0219i manierele din mediul digital. C\u00e2t de repede trebuie s\u0103 r\u0103spunzi la un e-mail? \u0218i care e tonul potrivit? Exist\u0103 vreo lege care spune c\u0103 fiecare mesaj trebuie s\u0103 \u00eenceap\u0103 cu \u201e\u00cemi pare r\u0103u pentru \u00eent\u00e2rzierea cu care r\u0103spund\u201c?<br \/>\nC\u00e2t de sigur e\u0219ti asupra bunelor maniere pe grupurile de WhatsApp? Profilul t\u0103u de Tinder \u00eendepline\u0219te oare standardele de bun\u0103-cuviin\u021b\u0103 general acceptate? \u0218i ce ar trebui s\u0103 \u0219tii despre social media, Facebook, selfie, hashtaguri \u0219.a.? Victoria Turk vine cu r\u0103spunsurile potrivite.<\/p>\n<p><strong>***<\/strong><\/p>\n<p>Copiii nu pot fi priva\u021bi de expunerea la mediul digital \u0219i de folosirea aplica\u021biilor online. Mai mult dec\u00e2t at\u00e2t, se pare c\u0103 noile genera\u021bii de copii nu au mare nevoie de sprijinul \u0219i \u00eendrumarea noastr\u0103 ca s\u0103 \u00een\u021beleag\u0103 \u0219i s\u0103 st\u0103p\u00e2neasc\u0103 era digital\u0103. Cel mai adesea ne \u00eenva\u021b\u0103 ei pe noi cum s\u0103 folosim diverse aplica\u021bii. \u0218i atunci, cum \u00eei putem ajuta noi pe ei? R\u0103spunsul este unul simplu: fiindu-le al\u0103turi, ajut\u00e2ndu-i s\u0103 primeasc\u0103 o educa\u021bie complet\u0103, s\u0103 \u00eenve\u021be s\u0103 extrag\u0103 ce este mai valoros din experien\u021bele digitale. \u0218i s\u0103 \u00eei stimul\u0103m s\u0103 discute, s\u0103 analizeze, s\u0103 caute, s\u0103 \u00eentrebe despre lucruri departe de ecran, \u00eempreun\u0103 cu adul\u021bii, fie ei p\u0103rin\u021bi, dasc\u0103li sau prieteni.<\/p>\n<p>&nbsp;<\/p>\n","protected":false},"excerpt":{"rendered":"Sunte\u021bi p\u0103rin\u021bi sau dasc\u0103li? Spune\u021bi sincer: de c\u00e2te ori, \u00een ultimii ani, nu a\u021bi avut senza\u021bia c\u0103 parc\u0103 v\u0103 lipsesc anumite instrumentele care \n<a class=\"moretag\" href=\"https:\/\/clb.ro\/blog\/?p=308\"> [...]<\/a>","protected":false},"author":1,"featured_media":309,"comment_status":"open","ping_status":"open","sticky":false,"template":"","format":"standard","meta":[],"categories":[7],"tags":[28,31,19,30,29],"_links":{"self":[{"href":"https:\/\/clb.ro\/blog\/index.php?rest_route=\/wp\/v2\/posts\/308"}],"collection":[{"href":"https:\/\/clb.ro\/blog\/index.php?rest_route=\/wp\/v2\/posts"}],"about":[{"href":"https:\/\/clb.ro\/blog\/index.php?rest_route=\/wp\/v2\/types\/post"}],"author":[{"embeddable":true,"href":"https:\/\/clb.ro\/blog\/index.php?rest_route=\/wp\/v2\/users\/1"}],"replies":[{"embeddable":true,"href":"https:\/\/clb.ro\/blog\/index.php?rest_route=%2Fwp%2Fv2%2Fcomments&post=308"}],"version-history":[{"count":1,"href":"https:\/\/clb.ro\/blog\/index.php?rest_route=\/wp\/v2\/posts\/308\/revisions"}],"predecessor-version":[{"id":310,"href":"https:\/\/clb.ro\/blog\/index.php?rest_route=\/wp\/v2\/posts\/308\/revisions\/310"}],"wp:featuredmedia":[{"embeddable":true,"href":"https:\/\/clb.ro\/blog\/index.php?rest_route=\/wp\/v2\/media\/309"}],"wp:attachment":[{"href":"https:\/\/clb.ro\/blog\/index.php?rest_route=%2Fwp%2Fv2%2Fmedia&parent=308"}],"wp:term":[{"taxonomy":"category","embeddable":true,"href":"https:\/\/clb.ro\/blog\/index.php?rest_route=%2Fwp%2Fv2%2Fcategories&post=308"},{"taxonomy":"post_tag","embeddable":true,"href":"https:\/\/clb.ro\/blog\/index.php?rest_route=%2Fwp%2Fv2%2Ftags&post=308"}],"curies":[{"name":"wp","href":"https:\/\/api.w.org\/{rel}","templated":true}]}}