{"id":248,"date":"2019-05-29T12:44:37","date_gmt":"2019-05-29T12:44:37","guid":{"rendered":"http:\/\/blog.clb.ro\/?p=248"},"modified":"2019-05-29T12:44:37","modified_gmt":"2019-05-29T12:44:37","slug":"noutati-bookfest-junior-2019","status":"publish","type":"post","link":"https:\/\/clb.ro\/blog\/?p=248","title":{"rendered":"Nout\u0103\u021bi Bookfest Junior 2019"},"content":{"rendered":"<p>Dragii no\u0219tri,<\/p>\n<p>Pentru bucure\u0219teni, ast\u0103zi a \u00eenceput prima mare s\u0103rb\u0103toare a c\u0103r\u021bii din acest an: Bookfest 2019. Organizatorii se a\u0219teapt\u0103 la cel pu\u021bin 100.000 de vizitatori, astfel \u00eenc\u00e2t, dac\u0103 vre\u021bi s\u0103 evita\u021bi aglomera\u021bia, gr\u0103bi\u021bi-v\u0103 s\u0103 merge\u021bi \u00een primele zile de t\u00e2rg, c\u00e2nd pute\u021bi cerceta \u00een voie oferta de carte. Daca nu reu\u0219iti s\u0103 ajunge\u021bi, v\u0103 a\u0219tept\u0103m \u00een libr\u0103riile CLB sau pe clb.ro cu \u00eentrega ofert\u0103 de carte prezent\u0103 la t\u00e2rg J<\/p>\n<p>Pentru al doilea an consecutiv, Salonul de carte Bookfest se desf\u0103\u0219oar\u0103 \u00een Pavilionul B2 de la Romexpo care \u00eentrune\u0219te toate cerin\u021bele moderne ale unui t\u00e2rg de carte: spa\u021bios, foarte bine luminat, to\u021bi expozan\u021bii beneficiind de vizibilitate foarte bun\u0103, cu locuri de joac\u0103 \u0219i mai ales cu spa\u021bii de evenimente, foarte primitoare, unde ve\u021bi avea ocazia s\u0103 v\u0103 \u00eent\u00e2lni\u021bi cu scriitorii dumneavoastr\u0103 prefera\u021bi.<\/p>\n<p>Invitatul de onoare al acestei edi\u021bii a Salonului este nici mai mult nici mai pu\u021bin dec\u00e2t Marea Britanie.<\/p>\n<p>Partenerii no\u0219tri, editurile rom\u00e2ne\u0219ti, au anun\u021bat deja c\u0103 vor lansa \u00een jur de <strong>4.000 de titluri noi <\/strong>\u0219i vor organiza peste <strong>350 de evenimente<\/strong>. Nu v\u0103 spunem dec\u00e2t c\u0103 ve\u021bi putea s\u0103-i vede\u021bi \u0219i s\u0103-i auzi\u021bi pe unii dintre cei mai iubi\u021bi autori rom\u00e2ni, cum ar fi:\u00a0 <strong>Lucian Boia, Vintil\u0103 Mih\u0103ilescu, Horia-Roman Patapievici, Mircea C\u0103rt\u0103rescu, Gabriel Liiceanu, Dan C. Mih\u0103ilescu,\u00a0 Adrian Cioroianu \u0219i mul\u021bi al\u021bii.<\/strong><\/p>\n<p><strong>Ce le aduce edi\u021bia din acest an celor mici?<\/strong><\/p>\n<p>S\u0103 \u00eencepem cu copiii, motive avem destule: Ziua de 1 Iunie, apropierea vacan\u021bei de var\u0103 \u0219i, nu \u00een ultimul r\u00e2nd, ei sunt cei mai harnici cititori dintre to\u021bi cititorii!<\/p>\n<p><strong>Bookfest Junior 2019<\/strong> \u00eei a\u0219teapt\u0103 pe cei mici \u0219i pe cei mai m\u0103ri\u0219ori cu\u00a0evenimente concepute anume pentru ei. Vor fi lansate cele mai a\u0219teptate titluri pentru copii \u0219i adolescen\u021bi, vor fi organizate \u00eent\u00e2lniri cu autorii \u0219i\u00a0ilustratorii c\u0103r\u021bilor. Vor avea loc at\u00e2t \u00een standul editurilor, pe scene, c\u00e2t \u0219i \u00een standul Bookfest Junior nenum\u0103rate ateliere bilingve, de lectur\u0103 creativ\u0103, festivit\u0103\u021bi de premiere pentru concursurile de eseuri, precum \u0219i multe activit\u0103\u021bi de desenat, colorat \u0219i bricolat.<\/p>\n<p>\u015ei, nu \u00een ultimul r\u00e2nd,\u00a0copiii pot participa la marele concurs al acestei edi\u0163ii: <strong><em>\u201eBookfest Junior te premiaz\u0103 cu 2X100 de c\u0103r\u021bi pentru vacan\u021b\u0103 oferite de editurile participante\u201c<\/em><\/strong><strong><em>.<\/em><\/strong><\/p>\n<p><strong>\u00a0<\/strong><strong>Haide\u021bi s\u0103 arunc\u0103m rapid o privire \u0219i \u00een ofertele unor edituri <\/strong><strong>J<\/strong><\/p>\n<p><strong>\u00a0<\/strong><strong>Editura Polirom<\/strong> a preg\u0103tit, \u00een seria Junior, c\u0103r\u021bile laurea\u021bilor concursului de manuscrise, edi\u021bia 2018.<\/p>\n<p>Diana\u00a0Geac\u0103r &#8211; <strong><a href=\"https:\/\/clb.ro\/ce-vad-dragonii-0000186751--p347680.html\">Ce v\u0103d dragonii,<\/a><\/strong> cu ilustra\u0163ii de Radu R\u0103ileanu, \u00ee\u0219i va purta cititorii juniori \u00eentr-o aventur\u0103 cu troli, dragoni, porci-spino\u0219i, pe\u0219ti vorbitori \u0219i patru statui c\u0103rora li se mai spune \u0219i Spaime. Romanul Dianei Geac\u0103r \u0219i-a g\u0103sit locul \u00een colec\u0163ia Junior, o colec\u0163ie dedicat\u0103 copiilor \u0219i adolescen\u0163ilor care cred \u00een puterea imagina\u0163iei \u0219i c\u0103rora le place s\u0103 citeasc\u0103 pove\u0219tile cu creionul \u00een m\u00een\u0103<\/p>\n<p>Calin Torsan &#8211;<strong><a href=\"https:\/\/clb.ro\/vrajitorul-dintos-0000186750--p347681.html\">Vr\u0103jitorul din\u021bos<\/a><\/strong><em>, <\/em>o poveste amuzant\u0103, cu un b\u0103iat palid care are p\u0103rin\u0163i ocupa\u0163i \u015fi un laptop cu jocuri. O poveste care se petrece chiar l\u00eeng\u0103 tine \u015fi care submineaz\u0103 cli\u015fee.<\/p>\n<p><strong>Humanitas Junior <\/strong>s-a preg\u0103tit s\u0103 lanseze la BOOKFEST c\u00e2teva c\u0103r\u021bi minunate pentru copii.<\/p>\n<p>Carmen Tiderle cu <strong><a href=\"https:\/\/clb.ro\/cine-a-pus-piper-in-mare-poezii-pentru-copii-0000186766--p347652.html\">Cine a pus piper \u00een mare?<\/a><\/strong> este a patra cartea a autoarei care a descoperit secretul cititului din pl\u0103cere la copii \u0219i pe cel al \u00eentoarcerii la copil\u0103rie a oamenilor mari, cu ilustra\u021bii de Vali Petridean.<\/p>\n<p>Jeremy Strong cu <strong><a href=\"https:\/\/clb.ro\/tatu-si-tup-povestioare-din-padurea-mare-0000187214--p348039.html\">Tatu \u0219i \u021aup<\/a><\/strong><em>. <\/em>Jeremy Strong este un autor care a scris peste o sut\u0103 de c\u0103r\u021bi, v\u00e2ndute \u00een mai multe milioane de exemplare \u00een \u00eentreaga lume. Cartea lui este o lectur\u0103 excelent\u0103 pentru cititorii la \u00eenceput de drum, care vor fi \u00eenc\u00e2nta\u021bi de capitolele scurte \u0219i de ilustra\u021biile nostime, numai bune de imitat \u0219i de colorat.<\/p>\n<p>Nancy Springer, <strong><a href=\"https:\/\/clb.ro\/enigmele-enolei-holmes-cazul-marchizului-disparut-0000187422--p348030.html\">Cazul Marchizului disp\u0103rut<\/a> <\/strong>din seria Enigmele Enolei Holmes<em>, <\/em>carte tradus\u0103 \u00een 16 limbi \u0219i care va fi ecranizat\u0103 cu Millie Bobby Brown, protagonista serialului Stranger Things, \u00een rolul principal. Autoarea este distins\u0103 cu Edgar Award.<\/p>\n<p>La non-fic\u021biune pentru copii, v\u0103\u00a0 recomand\u0103m\u00a0 <strong><a href=\"https:\/\/clb.ro\/originea-speciilor-0000187432--p348028.html\">Originea speciilor<\/a><\/strong><em>,<\/em> o carte minunat ilustrat\u0103 de Sabina Radeva, care repoveste\u015fte pe \u00een\u0163elesul copiilor Originea speciilor a lui Charles Darwin, punand \u00een lumin\u0103 teoria care a schimbat pentru totdeauna felul \u00een care \u00een\u0163elegem lumea: evolu\u0163ia.<\/p>\n<p><strong>\u00a0<\/strong><strong>Grupul Editorial ART<\/strong> vine la BOOKFEST cu <strong>peste 1200 de titluri, dintre care mai bine de 100 de nout\u0103\u021bi<\/strong>!<\/p>\n<p>Printre titlurile prezentate se regasesc: <strong>Elefantul Filimon<\/strong> \u0219i <strong>P\u0103pu\u0219a de c\u00e2rp\u0103<\/strong> de Michael Ende \u0219i <strong>Cei trei t\u00e2lhari<\/strong><strong>,<\/strong> cea mai iubit\u0103 carte a lui Tomi Ungerer, \u201eb\u0103iatul r\u0103u al literaturii pentru copii\u201c, celebru pentru pove\u0219tile sale neobi\u0219nuite.<\/p>\n<p>\u00cemp\u0103timi\u021bii seriei <em>Jurnalul unui pu\u0219ti<\/em> se vor bucura de un nou volum marca Jeff Kinney &#8211; <strong>Jurnalul unui pu\u0219ti tare de treab\u0103. \u00censemn\u0103rile lui Rowley Jefferson<\/strong><strong>.<\/strong> Pentru prima dat\u0103, lumea lui Greg Heffley este v\u0103zut\u0103 din perspectiva prietenului s\u0103u cel mai bun.<\/p>\n<p>Din vara aceasta, ne vom bucura de un nou personaj adorabil:<strong> Claude<\/strong> de Alex T. Smith. V\u0103 invit\u0103m s\u0103-l descoperi\u021bi al\u0103turi de nelipsitul domn Sc\u0103mo\u0219os, cel mai bun prieten al s\u0103u. Pentru amatorii de \u00eent\u00e2mpl\u0103ri hazlii \u0219i eroi cu superputeri, seria <strong>Aventurilor C\u0103pitanului Underpant<\/strong><strong>s<\/strong> de Dav Pilkey \u00eembin\u0103 \u00een doze perfecte ac\u021biunea, suspansul \u0219i umorul, \u00eentr-o carte interactiv\u0103 unde po\u021bi da via\u021b\u0103 personajelor folosind tehnica de anima\u021bie R\u0102SF-O-RAMA!<\/p>\n<p>Fanii amuzantului Nate, \u00eent\u00e2iul dintre pu\u0219ti, vor avea surpriza s\u0103-\u0219i descopere personajul preferat \u00eentr-o ipostaz\u0103 ilustrat\u0103 \u00een minunatul volum de benzi desenate <strong>Marele Nate. Un pu\u0219ti genial<\/strong> de Lincoln Peirce.<\/p>\n<p>Veste bun\u0103 pentru pentru fanii lui <strong>Harry Potter<\/strong>! Cel de-al doilea volum al seriei <strong>Animale fantastice<\/strong> de J.K. Rowling \u0219i <strong><a href=\"https:\/\/clb.ro\/pachet-seria-harry-potter-cuf-259-r-de-0000186148--p347374.html\">integrala Harry Potter \u00eentr-un cuf\u0103r de colec\u021bie.<\/a><\/strong><\/p>\n<p>La standul Marii Britanii, s\u00e2mb\u0103t\u0103, 1 iunie, ora 13:30, va avea loc evenimentul de lansare a <em>Welcome to Hogwarts Arts &amp; Crafts Workshop!<\/em>. Se las\u0103 cu premii!<\/p>\n<p>De asemenea, vor fi prezente reeditari ale celor mai frumoase c\u0103r\u021bi din vremea copil\u0103riei p\u0103rin\u021bilor: O mic\u0103 bijuterie ilustrat\u0103 <strong>\u2013 <\/strong><strong>Rapsodii de toamn\u0103<\/strong><strong>,<\/strong> de<strong> George Co\u0219buc,<\/strong> cu ilustra\u021bii de Ethel Lucaci B\u0103ia\u0219 \u2013 \u0219i un clasic al literaturii pentru copii \u2013 <strong>M\u00fcnchhausen<\/strong> de Gottfried August B\u00fcrger, cu ilustra\u021bii de Eugen Taru.<\/p>\n<p>Iubitorii universului Miss Peregrine se vor bucura de un nou volum din seria imaginat\u0103 de Ransom Riggs: <strong><em>Miss Peregrine 4. Harta zilelor<\/em><em>. <\/em><\/strong>Pentru cititorii adolescen\u021bi, dar \u0219i pentru to\u021bi amatorii de pove\u0219ti cu supereroi<em>,<\/em> <em>se lanseaz\u0103<\/em> seria DC Icons cu dou\u0103 dintre volume:<em> <strong>Batman. Creaturile nop\u021bii<\/strong><\/em> de Marie Lu<strong>,<\/strong> \u0219i <strong>Wonder Woman. Fiica R\u0103zboiului<\/strong> de L<span style=\"font-family: 'Source Sans Pro', sans-serif; font-size: 16px; font-style: normal; font-weight: 400;\">eigh Bardugo<\/span><span style=\"font-family: 'Source Sans Pro', sans-serif; font-size: 16px; font-style: normal; font-weight: 400;\">.<\/span><\/p>\n<p><strong>\u00a0<\/strong><strong>Curtea Veche <\/strong><strong>Publishing<\/strong><\/p>\n<p><strong>Pove\u0219tile Cristinei<\/strong><strong>,<\/strong> un proiect al Cristinei \u0219i al lui Alex Donovici, care s-a dovedit una dintre cele mai de succes colec\u021bii ale Editurii Curtea Veche va\u00a0 prezenta la BOOKFEST dou\u0103 titluri noi:<\/p>\n<p><strong>\u00cent\u00e2mpl\u0103ri vindec\u0103toare<\/strong> \u00a0sunt, \u00eenainte de toate, o invita\u021bie de a intra \u00eentr-o lume miraculoas\u0103,\u00a0 populat\u0103 de \u0219oricei n\u0103stru\u0219nici, ciupercu\u021be pozna\u0219e, dovlecei vorbitori sau sirene juc\u0103u\u0219e de la care copiii au mereu o lec\u021bie de \u00eenv\u0103\u021bat.<\/p>\n<p><strong>\u021aup \u0219i\u00a0 Padurea \u00cencremenit\u0103<\/strong> <em>\u00een care <\/em>cititorul va fi surprins s\u0103 \u00ee\u0219i revad\u0103 personajele cunoscute \u00eentr-o ipostaz\u0103 mai pu\u021bin fericit\u0103, c\u0103zute sub vraja jocurile pe calculator \u0219i a \u201e\u021bipsurilor\u201d, cu s\u0103n\u0103tatea \u0219ubrezit\u0103 \u0219i cu voin\u021ba anesteziat\u0103. \u00cencercarea disperat\u0103 a lui \u021aup de a le salva este o excelent\u0103 lec\u021bie despre ce \u00eenseamn\u0103 prietenia adev\u0103rat\u0103 \u0219i o invita\u021bie de a crede p\u00e2n\u0103 la cap\u0103t nu numai \u00een tine, ci \u0219i \u00een ceilal\u021bi.<\/p>\n<p>Lista cu c\u0103r\u021bile pentru copii realizat\u0103 de noi este doar o mic\u0103 parte a ofertei de anul acesta. Dac\u0103 vre\u021bi s\u0103 afla\u021bi toate nout\u0103\u021bile, dar nu ave\u021bi timp s\u0103 merge\u021bi la t\u00e2rg nu uita\u021bi c\u0103 re\u021beaua noastr\u0103 de libr\u0103rii v\u0103 a\u0219teapt\u0103 nu doar cu c\u0103r\u021bi, ci \u0219i cu sfaturi \u0219i recomand\u0103ri.<\/p>\n","protected":false},"excerpt":{"rendered":"Dragii no\u0219tri, Pentru bucure\u0219teni, ast\u0103zi a \u00eenceput prima mare s\u0103rb\u0103toare a c\u0103r\u021bii din acest an: Bookfest 2019. Organizatorii se a\u0219teapt\u0103 la cel pu\u021bin \n<a class=\"moretag\" href=\"https:\/\/clb.ro\/blog\/?p=248\"> [...]<\/a>","protected":false},"author":1,"featured_media":249,"comment_status":"open","ping_status":"open","sticky":false,"template":"","format":"standard","meta":[],"categories":[5],"tags":[],"_links":{"self":[{"href":"https:\/\/clb.ro\/blog\/index.php?rest_route=\/wp\/v2\/posts\/248"}],"collection":[{"href":"https:\/\/clb.ro\/blog\/index.php?rest_route=\/wp\/v2\/posts"}],"about":[{"href":"https:\/\/clb.ro\/blog\/index.php?rest_route=\/wp\/v2\/types\/post"}],"author":[{"embeddable":true,"href":"https:\/\/clb.ro\/blog\/index.php?rest_route=\/wp\/v2\/users\/1"}],"replies":[{"embeddable":true,"href":"https:\/\/clb.ro\/blog\/index.php?rest_route=%2Fwp%2Fv2%2Fcomments&post=248"}],"version-history":[{"count":1,"href":"https:\/\/clb.ro\/blog\/index.php?rest_route=\/wp\/v2\/posts\/248\/revisions"}],"predecessor-version":[{"id":250,"href":"https:\/\/clb.ro\/blog\/index.php?rest_route=\/wp\/v2\/posts\/248\/revisions\/250"}],"wp:featuredmedia":[{"embeddable":true,"href":"https:\/\/clb.ro\/blog\/index.php?rest_route=\/wp\/v2\/media\/249"}],"wp:attachment":[{"href":"https:\/\/clb.ro\/blog\/index.php?rest_route=%2Fwp%2Fv2%2Fmedia&parent=248"}],"wp:term":[{"taxonomy":"category","embeddable":true,"href":"https:\/\/clb.ro\/blog\/index.php?rest_route=%2Fwp%2Fv2%2Fcategories&post=248"},{"taxonomy":"post_tag","embeddable":true,"href":"https:\/\/clb.ro\/blog\/index.php?rest_route=%2Fwp%2Fv2%2Ftags&post=248"}],"curies":[{"name":"wp","href":"https:\/\/api.w.org\/{rel}","templated":true}]}}